{"id":7893,"date":"2022-05-16T17:52:37","date_gmt":"2022-05-16T15:52:37","guid":{"rendered":"https:\/\/accigest.com\/?p=7893"},"modified":"2022-05-24T17:09:57","modified_gmt":"2022-05-24T15:09:57","slug":"per-que-la-companyia-dassegurances-no-mindemnitza-tots-els-dies-de-curacio","status":"publish","type":"post","link":"https:\/\/accigest.com\/ca\/per-que-la-companyia-dassegurances-no-mindemnitza-tots-els-dies-de-curacio\/","title":{"rendered":"Per qu\u00e8 la companyia d&#8217;assegurances no m&#8217;indemnitza tots els dies de curaci\u00f3?"},"content":{"rendered":"\n<div class=\"wp-block-columns ag-columns-group is-layout-flex wp-container-core-columns-is-layout-9d6595d7 wp-block-columns-is-layout-flex\">\n<div class=\"wp-block-column is-layout-flow wp-block-column-is-layout-flow\">\n<h3 style=\"text-align: center;\">La companyia est\u00e0 obligada a pagar-me cada dia que he estat curant-me?<\/h3>\n<\/div>\n\n\n\n<div class=\"wp-block-column is-layout-flow wp-block-column-is-layout-flow\">\n<h3 style=\"text-align: center;\">Per qu\u00e8 no m&#8217;han pagat cada dia de tractament, des del primer fins al darrer?<\/h3>\n<\/div>\n\n\n\n<div class=\"wp-block-column is-layout-flow wp-block-column-is-layout-flow\">\n<h3 style=\"text-align: center;\">Quan tinc dret a cobrar com a indemnitzaci\u00f3 per un accident?<\/h3>\n<\/div>\n<\/div>\n\n\n<p>Aquestes s\u00f3n algunes de les preguntes per excel\u00b7l\u00e8ncia a les qu\u00e8 habitualment ens enfrontem els <strong>advocats especialitzats en accidents de tr\u00e0nsit<\/strong>.<\/p>\n<p>No obstant aix\u00f2, no s\u00f3n preguntes que es puguin respondre sense haver realitzat pr\u00e8viament un exhaustiu estudi de la documentaci\u00f3 m\u00e8dica de la persona lesionada, ja que l&#8217;aproximaci\u00f3 de la quantitat que es pot percebre en concepte d&#8217;indemnitzaci\u00f3 dep\u00e8n de molts i diversos factors que incideixen directament en la valoraci\u00f3 del dany causat.<\/p>\n<p>Aix\u00ed, doncs, algunes de les q\u00fcestions que poden afectar directament l&#8217;import que finalment es podr\u00e0 percebre, en relaci\u00f3 amb els danys corporals (i m\u00e9s concretament, respecte al temps de curaci\u00f3 valorat), s\u00f3n les seg\u00fcents:<\/p>\n<ul>\n<li>Tipus de lesi\u00f3 (per exemple: cervic\u00e0lgia, fractura de t\u00edbia, etc.).<\/li>\n<li>Moment d\u201finici del tractament rehabilitador\/curatiu (per exemple: dues setmanes despr\u00e9s de la producci\u00f3 de l\u2019accident, un mes despr\u00e9s de la producci\u00f3 de l\u2019accident, etc.).<\/li>\n<li>Nombre de sessions de rehabilitaci\u00f3 realitzades (per exemple: 10, 30, 60, etc.).<\/li>\n<li>Freq\u00fc\u00e8ncia per fer aquestes sessions (per exemple: una a la setmana, tres a la setmana, etc.).<\/li>\n<li>Evoluci\u00f3 del proc\u00e9s de curaci\u00f3.<\/li>\n<li>P\u00e8rdua temporal de l&#8217;autonomia personal per dur a terme una part rellevant de les activitats espec\u00edfiques de desenvolupament personal del perjudicat (per exemple: immobilitzaci\u00f3 d&#8217;una extremitat, incapacitat temporal per al desenvolupament de l&#8217;activitat professional, etc.).<\/li>\n<li>Antecedents m\u00e8dics del pacient.<\/li>\n<li>Etc.<\/li>\n<\/ul>\n<p>Aix\u00ed doncs, tenint en compte tots aquests factors, hi ha la possibilitat que dues persones que haguessin tingut un accident el mateix dia i haguessin cursat alta m\u00e8dica el mateix dia, no percebin exactament la mateixa indemnitzaci\u00f3, en haver altres q\u00fcestions rellevants que variaran en tots dos casos.<\/p>\n<p>Vegem-ne diversos exemples:<\/p>\n\n\n<div class=\"wp-block-group ag-example-section\"><div class=\"wp-block-group__inner-container is-layout-flow wp-block-group-is-layout-flow\">\n<p>Exemple 1:<\/p>\n<p>La Laura i el Pedro tenen un accident el 01\/01\/2022, com a conductora i ocupant d&#8217;un turisme, resultant amb lesions consistents en cervic\u00e0lgia.<\/p>\n<p>Tots dos comencen rehabilitaci\u00f3 el dia 10\/01\/2022, i acaben el tractament el 20\/03\/2022, sense seq\u00fceles al moment de l&#8217;alta.<\/p>\n<p>La Laura realitza entre 3 i 4 sessions de rehabilitaci\u00f3 a la setmana, per\u00f2 el Pedro, per q\u00fcestions laborals, \u00fanicament pot fer entre 1 i 2 sessions a la setmana, ja que no t\u00e9 possibilitat de compaginar un tractament m\u00e9s seguit.<\/p>\n<p>Encara que tots dos hagin iniciat i acabat el tractament en la mateixa data, probablement la Laura percebr\u00e0 una major indemnitzaci\u00f3, en haver fet un tractament m\u00e9s constant, continu i amb un nombre m\u00e9s gran de sessions.<\/p>\n<p>En aquest sup\u00f2sit, les indemnitzacions podrien ser les seg\u00fcents:<\/p>\n<ul>\n<li>Laura: 79 dies de perjudici personal b\u00e0sic a ra\u00f3 de 32,91 \u20ac\/dia = 2.599,89 \u20ac<\/li>\n<li>Pedro: 45 dies de perjudici personal b\u00e0sic a ra\u00f3 de 32,91 \u20ac\/dia = 1.480,95 \u20ac<\/li>\n<\/ul>\n<\/div><\/div>\n\n\n\n<div class=\"wp-block-group ag-example-section\"><div class=\"wp-block-group__inner-container is-layout-flow wp-block-group-is-layout-flow\">\n<p>Exemple 2:<\/p>\n<p>El Joan i la Mariona tenen un accident el 01\/01\/2022, com a conductor i ocupant d&#8217;un turisme, resultant amb lesions consistents en cervic\u00e0lgia.<\/p>\n<p>Tots dos comencen rehabilitaci\u00f3 el dia 10\/01\/2022, i acaben el tractament el 20\/03\/2022, sense seq\u00fceles al moment de l&#8217;alta.<\/p>\n<p>Encara que duen a terme el mateix nombre de sessions (ens 3 i 4 a la setmana), el Joan ha de cursar baixa laboral, perqu\u00e8 t\u00e9 una ocupaci\u00f3 f\u00edsica (sector de la construcci\u00f3) i la seva lesi\u00f3 li impedeix treballar mentre es recupera de les seves lesions, durant tot el per\u00edode de curaci\u00f3.<\/p>\n<p>La Mariona, per la seva part, treballa en una oficina, i la seva lesi\u00f3 no li impedeix continuar treballant, per la qual cosa no cursa baixa laboral.<\/p>\n<p>En aquest cas, \u00e9s probable que el Joan rebi una indemnitzaci\u00f3 m\u00e9s gran que la Mariona.<\/p>\n<p>En aquest sup\u00f2sit, les indemnitzacions podrien ser les seg\u00fcents:<\/p>\n<ul>\n<li>Joan: 79 dies de perjudici personal particular moderat a ra\u00f3 de 57,04 \u20ac\/dia = 4.506,16 \u20ac<\/li>\n<li>Mariona: 79 dies de perjudici personal b\u00e0sic a ra\u00f3 de 32,91 \u20ac\/dia = 2.599,89 \u20ac<\/li>\n<\/ul>\n<\/div><\/div>\n\n\n\n<div class=\"wp-block-group ag-example-section\"><div class=\"wp-block-group__inner-container is-layout-flow wp-block-group-is-layout-flow\">\n<p>Exemple 3:<\/p>\n<p>Mart\u00edn i Arturo s\u00f3n atropellats per un turisme quan passaven per un pas de vianants, el 01\/01\/2022.<\/p>\n<p>Tots dos resulten policontusionats.<\/p>\n<p>En Mart\u00edn t\u00e9 una evoluci\u00f3 molt favorable, segons el tractament que li prescriuen i que realitza (amb una durada de tres mesos, fins al 01\/04\/2022), per\u00f2 l\u2019Arturo, per la seva banda, a partir del primer mes i mig no millora, la seva lesi\u00f3 queda estancada a partir del 15\/02\/2022.<\/p>\n<p>En aquest cas, \u00e9s probable que el Mart\u00edn sigui indemnitzat per un major temps de recuperaci\u00f3, en haver realitzat un tractament plenament efectiu per a la seva recuperaci\u00f3, mentre que l\u2019Arturo podria ser indemnitzat per un menor temps de curaci\u00f3 (al no ser efectiu part del tractament, ja que no hi ha una millora per la seva banda) per\u00f2 amb seq\u00fceles.<\/p>\n<p>En aquest sup\u00f2sit, les indemnitzacions podrien ser les seg\u00fcents:<\/p>\n<ul>\n<li>Mart\u00edn: 91 dies de perjudici personal b\u00e0sic a ra\u00f3 de 32,91 \u20ac\/dia = 2.994,81 \u20ac<\/li>\n<li>Arturo: 46 dies de perjudici personal b\u00e0sic a ra\u00f3 de 32,91\u20ac\/dia (1.513,86\u20ac) i un punt de seq\u00fcela funcional (880,40\u20ac, en tenir l\u2019Arturo 35 anys en el moment de l&#8217;accident) = 2.394, 26\u20ac<\/li>\n<\/ul>\n<\/div><\/div>\n\n\n\n<div class=\"wp-block-group ag-example-section\"><div class=\"wp-block-group__inner-container is-layout-flow wp-block-group-is-layout-flow\">\n<p>Exemple 4:<\/p>\n<p>La Silvia i la In\u00e9s tenen un accident el 01\/01\/2022, com a conductora i ocupant d&#8217;un turisme, resultant amb lesions consistents en cervic\u00e0lgia.<\/p>\n<p>La Silvia inicia rehabilitaci\u00f3 el 10\/01\/2022 per\u00f2 la In\u00e9s no pot iniciar el tractament fins el 27\/01\/2022 perqu\u00e8 el centre m\u00e8dic que ha escollit no t\u00e9 disponibilitat per atendre-la abans d&#8217;aquesta data.<\/p>\n<p>Totes dues cursen alta m\u00e8dica el 18\/03\/2022, havent realitzat una mitjana de 3 sessions a la setmana, des de l&#8217;inici del tractament.<\/p>\n<p>En aquest cas, \u00e9s probable que la Silvia sigui indemnitzada per un major temps de recuperaci\u00f3, en haver iniciat el tractament rehabilitador en un termini \u00f2ptim i esperable, mentre que la In\u00e9s podria ser indemnitzada per un menor temps de curaci\u00f3, en haver-se demorat l&#8217;inici de la seva recuperaci\u00f3 efectiva, sense justificaci\u00f3 m\u00e8dica.<\/p>\n<p>En aquest sup\u00f2sit, les indemnitzacions podrien ser les seg\u00fcents:<\/p>\n<ul>\n<li>Silvia: 77 dies de perjudici personal b\u00e0sic a ra\u00f3 de 32,91 \u20ac\/dia = 2.534,07 \u20ac<\/li>\n<li>In\u00e9s: 60 dies de perjudici personal b\u00e0sic a ra\u00f3 de 32,91\u20ac\/dia = 1.974,60\u20ac<\/li>\n<\/ul>\n<\/div><\/div>\n\n\n<p>En aquests casos, podem apreciar la difer\u00e8ncia entre els conceptes de \u201cmedicina cl\u00ednica\u201d i \u201cmedicina legal\u201d.<\/p>\n<p>La medicina cl\u00ednica consisteix en el tractament m\u00e8dic que es realitza per curar o estabilitzar una lesi\u00f3 patida.<\/p>\n<p><strong>Per exemple:<\/strong> He realitzat 20 sessions de rehabilitaci\u00f3 en un temps total de 5 mesos per curar una cervic\u00e0lgia.<\/p>\n<p>Per la seva banda, la medicina legal i forense es defineix com \u201cel conjunt de coneixements m\u00e8dics i biol\u00f2gics necessaris per a la resoluci\u00f3 dels problemes que planteja el dret, tant en l&#8217;aplicaci\u00f3 pr\u00e0ctica de les lleis, com en el perfeccionament i l&#8217;evoluci\u00f3\u201d (Juan Antonio Gisbert Calabuig, metge, catedr\u00e0tic de Medicina Legal i Toxicologia).<\/p>\n<p><strong>Per exemple:<\/strong> En el cas anterior (20 sessions en 5 mesos), es podria traduir en una valoraci\u00f3 medicolegal de 60 dies de perjudici personal b\u00e0sic, perqu\u00e8 \u00e9s el temps suficient per curar aquest tipus de lesi\u00f3, d&#8217;acord amb el nombre de sessions realitzades, ja que el tractament de 20 sessions en 5 mesos podria haver-se allargat m\u00e9s del necessari per causes no justificades m\u00e8dicament.<\/p>\n<p>Podem considerar que s\u00f3n causes no justificades m\u00e8dicament, entre d&#8217;altres: Organitzaci\u00f3 i\/o agenda del centre m\u00e8dic, disminuci\u00f3 de la realitzaci\u00f3 de visites per compaginar-les amb una activitat laboral, etc.<\/p>\n<p>Com podeu veure, la reclamaci\u00f3 de danys patits en accidents de tr\u00e0nsit \u00e9s un tr\u00e0mit complex.<\/p>\n<p>No \u00e9s tan senzill com fer un c\u00e0lcul de data (d&#8217;accident) a data (d&#8217;alta), sin\u00f3 que es tracta de fer un estudi i valoraci\u00f3 de totes les altres circumst\u00e0ncies que envolten la realitat i l&#8217;efectivitat del tractament realitzat.<\/p>\n<p>\u00c9s per aix\u00f2 que \u00e9s fonamental comptar amb l&#8217;assessorament d&#8217;un advocat expert en la mat\u00e8ria per assegurar la gesti\u00f3 correcta del seu expedient i aix\u00ed aconseguir una reparaci\u00f3 completa del dany que se li ha causat.<\/p>\n<p>Aix\u00ed mateix, \u00e9s altament recomanable comptar amb el criteri d&#8217;un p\u00e8rit m\u00e8dic privat, especialista en valoraci\u00f3 del dany corporal, perqu\u00e8 estableixi i permeti defensar la valoraci\u00f3 m\u00e8dica m\u00e9s gran possible.<\/p>\n<p><em>L&#8217;equip d&#8217;ACCIGEST queda a la vostra disposici\u00f3 per assessorar-vos sense comprom\u00eds.<\/em><\/p>","protected":false},"excerpt":{"rendered":"La companyia est\u00e0 obligada a pagar-me cada dia que he estat curant-me? Per qu\u00e8 no m'han pagat cada dia de tractament, des del primer fins al darrer? Quan tinc dret a cobrar com a indemnitzaci\u00f3 per un accident? Aquestes s\u00f3n algunes de les preguntes per excel\u00b7l\u00e8ncia a les qu\u00e8 habitualment&hellip;&nbsp;<a class=\"read-more\" href=\"https:\/\/accigest.com\/ca\/per-que-la-companyia-dassegurances-no-mindemnitza-tots-els-dies-de-curacio\/\">Llegir m\u00e9s<\/a>","protected":false},"author":7,"featured_media":7892,"comment_status":"open","ping_status":"open","sticky":false,"template":"","format":"standard","meta":{"footnotes":""},"categories":[112,110],"tags":[],"class_list":["post-7893","post","type-post","status-publish","format-standard","has-post-thumbnail","hentry","category-actualitat","category-indemnitzacions-per-accidents-de-transit"],"yoast_head":"<!-- This site is optimized with the Yoast SEO plugin v27.4 - https:\/\/yoast.com\/product\/yoast-seo-wordpress\/ -->\n<title>Per qu\u00e8 la companyia d&#039;assegurances no m&#039;indemnitza tots els dies de curaci\u00f3? - Accigest<\/title>\n<meta name=\"description\" content=\"La companyia est\u00e0 obligada a pagar-me cada dia que he estat curant-me? Per qu\u00e8 no m&#039;han pagat cada dia de tractament, des del primer fins al darrer? Quan tinc dret a cobrar com a indemnitzaci\u00f3 per un accident?\" \/>\n<meta name=\"robots\" content=\"index, follow, max-snippet:-1, max-image-preview:large, max-video-preview:-1\" \/>\n<link rel=\"canonical\" href=\"https:\/\/accigest.com\/ca\/per-que-la-companyia-dassegurances-no-mindemnitza-tots-els-dies-de-curacio\/\" \/>\n<meta property=\"og:locale\" content=\"ca_ES\" \/>\n<meta property=\"og:type\" content=\"article\" \/>\n<meta property=\"og:title\" content=\"Per qu\u00e8 la companyia d&#039;assegurances no m&#039;indemnitza tots els dies de curaci\u00f3? - Accigest\" \/>\n<meta property=\"og:description\" content=\"La companyia est\u00e0 obligada a pagar-me cada dia que he estat curant-me? Per qu\u00e8 no m&#039;han pagat cada dia de tractament, des del primer fins al darrer? Quan tinc dret a cobrar com a indemnitzaci\u00f3 per un accident?\" \/>\n<meta property=\"og:url\" content=\"https:\/\/accigest.com\/ca\/per-que-la-companyia-dassegurances-no-mindemnitza-tots-els-dies-de-curacio\/\" \/>\n<meta property=\"og:site_name\" content=\"Accigest\" \/>\n<meta property=\"article:published_time\" content=\"2022-05-16T15:52:37+00:00\" \/>\n<meta property=\"article:modified_time\" content=\"2022-05-24T15:09:57+00:00\" \/>\n<meta property=\"og:image\" content=\"https:\/\/accigest.com\/wp-content\/uploads\/2022\/05\/companyia-no-paga-1200x400-1.jpeg\" \/>\n\t<meta property=\"og:image:width\" content=\"1200\" \/>\n\t<meta property=\"og:image:height\" content=\"400\" \/>\n\t<meta property=\"og:image:type\" content=\"image\/jpeg\" \/>\n<meta name=\"author\" content=\"Kelly Leclercq Porras\" \/>\n<meta name=\"twitter:card\" content=\"summary_large_image\" \/>\n<meta name=\"twitter:label1\" content=\"Escrit per\" \/>\n\t<meta name=\"twitter:data1\" content=\"Kelly Leclercq Porras\" \/>\n\t<meta name=\"twitter:label2\" content=\"Temps estimat de lectura\" \/>\n\t<meta name=\"twitter:data2\" content=\"7 minuts\" \/>\n<script type=\"application\/ld+json\" class=\"yoast-schema-graph\">{\"@context\":\"https:\\\/\\\/schema.org\",\"@graph\":[{\"@type\":\"Article\",\"@id\":\"https:\\\/\\\/accigest.com\\\/ca\\\/per-que-la-companyia-dassegurances-no-mindemnitza-tots-els-dies-de-curacio\\\/#article\",\"isPartOf\":{\"@id\":\"https:\\\/\\\/accigest.com\\\/ca\\\/per-que-la-companyia-dassegurances-no-mindemnitza-tots-els-dies-de-curacio\\\/\"},\"author\":{\"name\":\"Kelly Leclercq Porras\",\"@id\":\"https:\\\/\\\/accigest.com\\\/ca\\\/#\\\/schema\\\/person\\\/98c36b78c20a9db4457272272aa69b08\"},\"headline\":\"Per qu\u00e8 la companyia d&#8217;assegurances no m&#8217;indemnitza tots els dies de curaci\u00f3?\",\"datePublished\":\"2022-05-16T15:52:37+00:00\",\"dateModified\":\"2022-05-24T15:09:57+00:00\",\"mainEntityOfPage\":{\"@id\":\"https:\\\/\\\/accigest.com\\\/ca\\\/per-que-la-companyia-dassegurances-no-mindemnitza-tots-els-dies-de-curacio\\\/\"},\"wordCount\":1399,\"commentCount\":0,\"publisher\":{\"@id\":\"https:\\\/\\\/accigest.com\\\/ca\\\/#organization\"},\"image\":{\"@id\":\"https:\\\/\\\/accigest.com\\\/ca\\\/per-que-la-companyia-dassegurances-no-mindemnitza-tots-els-dies-de-curacio\\\/#primaryimage\"},\"thumbnailUrl\":\"https:\\\/\\\/accigest.com\\\/wp-content\\\/uploads\\\/2022\\\/05\\\/companyia-no-paga-1200x400-1.jpeg\",\"articleSection\":[\"Actualitat\",\"Indemnitzacions per accidents de tr\u00e0nsit\"],\"inLanguage\":\"ca\",\"potentialAction\":[{\"@type\":\"CommentAction\",\"name\":\"Comment\",\"target\":[\"https:\\\/\\\/accigest.com\\\/ca\\\/per-que-la-companyia-dassegurances-no-mindemnitza-tots-els-dies-de-curacio\\\/#respond\"]}]},{\"@type\":\"WebPage\",\"@id\":\"https:\\\/\\\/accigest.com\\\/ca\\\/per-que-la-companyia-dassegurances-no-mindemnitza-tots-els-dies-de-curacio\\\/\",\"url\":\"https:\\\/\\\/accigest.com\\\/ca\\\/per-que-la-companyia-dassegurances-no-mindemnitza-tots-els-dies-de-curacio\\\/\",\"name\":\"Per qu\u00e8 la companyia d'assegurances no m'indemnitza tots els dies de curaci\u00f3? - Accigest\",\"isPartOf\":{\"@id\":\"https:\\\/\\\/accigest.com\\\/ca\\\/#website\"},\"primaryImageOfPage\":{\"@id\":\"https:\\\/\\\/accigest.com\\\/ca\\\/per-que-la-companyia-dassegurances-no-mindemnitza-tots-els-dies-de-curacio\\\/#primaryimage\"},\"image\":{\"@id\":\"https:\\\/\\\/accigest.com\\\/ca\\\/per-que-la-companyia-dassegurances-no-mindemnitza-tots-els-dies-de-curacio\\\/#primaryimage\"},\"thumbnailUrl\":\"https:\\\/\\\/accigest.com\\\/wp-content\\\/uploads\\\/2022\\\/05\\\/companyia-no-paga-1200x400-1.jpeg\",\"datePublished\":\"2022-05-16T15:52:37+00:00\",\"dateModified\":\"2022-05-24T15:09:57+00:00\",\"description\":\"La companyia est\u00e0 obligada a pagar-me cada dia que he estat curant-me? Per qu\u00e8 no m'han pagat cada dia de tractament, des del primer fins al darrer? Quan tinc dret a cobrar com a indemnitzaci\u00f3 per un accident?\",\"breadcrumb\":{\"@id\":\"https:\\\/\\\/accigest.com\\\/ca\\\/per-que-la-companyia-dassegurances-no-mindemnitza-tots-els-dies-de-curacio\\\/#breadcrumb\"},\"inLanguage\":\"ca\",\"potentialAction\":[{\"@type\":\"ReadAction\",\"target\":[\"https:\\\/\\\/accigest.com\\\/ca\\\/per-que-la-companyia-dassegurances-no-mindemnitza-tots-els-dies-de-curacio\\\/\"]}]},{\"@type\":\"ImageObject\",\"inLanguage\":\"ca\",\"@id\":\"https:\\\/\\\/accigest.com\\\/ca\\\/per-que-la-companyia-dassegurances-no-mindemnitza-tots-els-dies-de-curacio\\\/#primaryimage\",\"url\":\"https:\\\/\\\/accigest.com\\\/wp-content\\\/uploads\\\/2022\\\/05\\\/companyia-no-paga-1200x400-1.jpeg\",\"contentUrl\":\"https:\\\/\\\/accigest.com\\\/wp-content\\\/uploads\\\/2022\\\/05\\\/companyia-no-paga-1200x400-1.jpeg\",\"width\":1200,\"height\":400,\"caption\":\"\u00bfPor qu\u00e9 la compa\u00f1\u00eda de seguros no me indemniza todos los d\u00edas de curaci\u00f3n? - Accigest\"},{\"@type\":\"BreadcrumbList\",\"@id\":\"https:\\\/\\\/accigest.com\\\/ca\\\/per-que-la-companyia-dassegurances-no-mindemnitza-tots-els-dies-de-curacio\\\/#breadcrumb\",\"itemListElement\":[{\"@type\":\"ListItem\",\"position\":1,\"name\":\"Inici\",\"item\":\"https:\\\/\\\/accigest.com\\\/ca\\\/\"},{\"@type\":\"ListItem\",\"position\":2,\"name\":\"Per qu\u00e8 la companyia d&#8217;assegurances no m&#8217;indemnitza tots els dies de curaci\u00f3?\"}]},{\"@type\":\"WebSite\",\"@id\":\"https:\\\/\\\/accigest.com\\\/ca\\\/#website\",\"url\":\"https:\\\/\\\/accigest.com\\\/ca\\\/\",\"name\":\"Accigest\",\"description\":\"Especialistas en  indemnizaciones por  accidentes de tr\u00e1fico\",\"publisher\":{\"@id\":\"https:\\\/\\\/accigest.com\\\/ca\\\/#organization\"},\"potentialAction\":[{\"@type\":\"SearchAction\",\"target\":{\"@type\":\"EntryPoint\",\"urlTemplate\":\"https:\\\/\\\/accigest.com\\\/ca\\\/?s={search_term_string}\"},\"query-input\":{\"@type\":\"PropertyValueSpecification\",\"valueRequired\":true,\"valueName\":\"search_term_string\"}}],\"inLanguage\":\"ca\"},{\"@type\":\"Organization\",\"@id\":\"https:\\\/\\\/accigest.com\\\/ca\\\/#organization\",\"name\":\"Accigest Abogados de Accidentes Tr\u00e1fico\",\"url\":\"https:\\\/\\\/accigest.com\\\/ca\\\/\",\"logo\":{\"@type\":\"ImageObject\",\"inLanguage\":\"ca\",\"@id\":\"https:\\\/\\\/accigest.com\\\/ca\\\/#\\\/schema\\\/logo\\\/image\\\/\",\"url\":\"https:\\\/\\\/accigest.com\\\/wp-content\\\/uploads\\\/2021\\\/06\\\/logo-accigest.svg\",\"contentUrl\":\"https:\\\/\\\/accigest.com\\\/wp-content\\\/uploads\\\/2021\\\/06\\\/logo-accigest.svg\",\"width\":1,\"height\":1,\"caption\":\"Accigest Abogados de Accidentes Tr\u00e1fico\"},\"image\":{\"@id\":\"https:\\\/\\\/accigest.com\\\/ca\\\/#\\\/schema\\\/logo\\\/image\\\/\"}},{\"@type\":\"Person\",\"@id\":\"https:\\\/\\\/accigest.com\\\/ca\\\/#\\\/schema\\\/person\\\/98c36b78c20a9db4457272272aa69b08\",\"name\":\"Kelly Leclercq Porras\",\"image\":{\"@type\":\"ImageObject\",\"inLanguage\":\"ca\",\"@id\":\"https:\\\/\\\/secure.gravatar.com\\\/avatar\\\/50afdc8172df48d3f216f7598c754a5f09763629e05b5e01b54404a61e62e55b?s=96&d=mm&r=g\",\"url\":\"https:\\\/\\\/secure.gravatar.com\\\/avatar\\\/50afdc8172df48d3f216f7598c754a5f09763629e05b5e01b54404a61e62e55b?s=96&d=mm&r=g\",\"contentUrl\":\"https:\\\/\\\/secure.gravatar.com\\\/avatar\\\/50afdc8172df48d3f216f7598c754a5f09763629e05b5e01b54404a61e62e55b?s=96&d=mm&r=g\",\"caption\":\"Kelly Leclercq Porras\"},\"sameAs\":[\"https:\\\/\\\/www.linkedin.com\\\/in\\\/kelly-leclercq-porras-7b4b62176\"]}]}<\/script>\n<!-- \/ Yoast SEO plugin. -->","yoast_head_json":{"title":"Per qu\u00e8 la companyia d'assegurances no m'indemnitza tots els dies de curaci\u00f3? - Accigest","description":"La companyia est\u00e0 obligada a pagar-me cada dia que he estat curant-me? Per qu\u00e8 no m'han pagat cada dia de tractament, des del primer fins al darrer? Quan tinc dret a cobrar com a indemnitzaci\u00f3 per un accident?","robots":{"index":"index","follow":"follow","max-snippet":"max-snippet:-1","max-image-preview":"max-image-preview:large","max-video-preview":"max-video-preview:-1"},"canonical":"https:\/\/accigest.com\/ca\/per-que-la-companyia-dassegurances-no-mindemnitza-tots-els-dies-de-curacio\/","og_locale":"ca_ES","og_type":"article","og_title":"Per qu\u00e8 la companyia d'assegurances no m'indemnitza tots els dies de curaci\u00f3? - Accigest","og_description":"La companyia est\u00e0 obligada a pagar-me cada dia que he estat curant-me? Per qu\u00e8 no m'han pagat cada dia de tractament, des del primer fins al darrer? Quan tinc dret a cobrar com a indemnitzaci\u00f3 per un accident?","og_url":"https:\/\/accigest.com\/ca\/per-que-la-companyia-dassegurances-no-mindemnitza-tots-els-dies-de-curacio\/","og_site_name":"Accigest","article_published_time":"2022-05-16T15:52:37+00:00","article_modified_time":"2022-05-24T15:09:57+00:00","og_image":[{"width":1200,"height":400,"url":"https:\/\/accigest.com\/wp-content\/uploads\/2022\/05\/companyia-no-paga-1200x400-1.jpeg","type":"image\/jpeg"}],"author":"Kelly Leclercq Porras","twitter_card":"summary_large_image","twitter_misc":{"Escrit per":"Kelly Leclercq Porras","Temps estimat de lectura":"7 minuts"},"schema":{"@context":"https:\/\/schema.org","@graph":[{"@type":"Article","@id":"https:\/\/accigest.com\/ca\/per-que-la-companyia-dassegurances-no-mindemnitza-tots-els-dies-de-curacio\/#article","isPartOf":{"@id":"https:\/\/accigest.com\/ca\/per-que-la-companyia-dassegurances-no-mindemnitza-tots-els-dies-de-curacio\/"},"author":{"name":"Kelly Leclercq Porras","@id":"https:\/\/accigest.com\/ca\/#\/schema\/person\/98c36b78c20a9db4457272272aa69b08"},"headline":"Per qu\u00e8 la companyia d&#8217;assegurances no m&#8217;indemnitza tots els dies de curaci\u00f3?","datePublished":"2022-05-16T15:52:37+00:00","dateModified":"2022-05-24T15:09:57+00:00","mainEntityOfPage":{"@id":"https:\/\/accigest.com\/ca\/per-que-la-companyia-dassegurances-no-mindemnitza-tots-els-dies-de-curacio\/"},"wordCount":1399,"commentCount":0,"publisher":{"@id":"https:\/\/accigest.com\/ca\/#organization"},"image":{"@id":"https:\/\/accigest.com\/ca\/per-que-la-companyia-dassegurances-no-mindemnitza-tots-els-dies-de-curacio\/#primaryimage"},"thumbnailUrl":"https:\/\/accigest.com\/wp-content\/uploads\/2022\/05\/companyia-no-paga-1200x400-1.jpeg","articleSection":["Actualitat","Indemnitzacions per accidents de tr\u00e0nsit"],"inLanguage":"ca","potentialAction":[{"@type":"CommentAction","name":"Comment","target":["https:\/\/accigest.com\/ca\/per-que-la-companyia-dassegurances-no-mindemnitza-tots-els-dies-de-curacio\/#respond"]}]},{"@type":"WebPage","@id":"https:\/\/accigest.com\/ca\/per-que-la-companyia-dassegurances-no-mindemnitza-tots-els-dies-de-curacio\/","url":"https:\/\/accigest.com\/ca\/per-que-la-companyia-dassegurances-no-mindemnitza-tots-els-dies-de-curacio\/","name":"Per qu\u00e8 la companyia d'assegurances no m'indemnitza tots els dies de curaci\u00f3? - Accigest","isPartOf":{"@id":"https:\/\/accigest.com\/ca\/#website"},"primaryImageOfPage":{"@id":"https:\/\/accigest.com\/ca\/per-que-la-companyia-dassegurances-no-mindemnitza-tots-els-dies-de-curacio\/#primaryimage"},"image":{"@id":"https:\/\/accigest.com\/ca\/per-que-la-companyia-dassegurances-no-mindemnitza-tots-els-dies-de-curacio\/#primaryimage"},"thumbnailUrl":"https:\/\/accigest.com\/wp-content\/uploads\/2022\/05\/companyia-no-paga-1200x400-1.jpeg","datePublished":"2022-05-16T15:52:37+00:00","dateModified":"2022-05-24T15:09:57+00:00","description":"La companyia est\u00e0 obligada a pagar-me cada dia que he estat curant-me? Per qu\u00e8 no m'han pagat cada dia de tractament, des del primer fins al darrer? Quan tinc dret a cobrar com a indemnitzaci\u00f3 per un accident?","breadcrumb":{"@id":"https:\/\/accigest.com\/ca\/per-que-la-companyia-dassegurances-no-mindemnitza-tots-els-dies-de-curacio\/#breadcrumb"},"inLanguage":"ca","potentialAction":[{"@type":"ReadAction","target":["https:\/\/accigest.com\/ca\/per-que-la-companyia-dassegurances-no-mindemnitza-tots-els-dies-de-curacio\/"]}]},{"@type":"ImageObject","inLanguage":"ca","@id":"https:\/\/accigest.com\/ca\/per-que-la-companyia-dassegurances-no-mindemnitza-tots-els-dies-de-curacio\/#primaryimage","url":"https:\/\/accigest.com\/wp-content\/uploads\/2022\/05\/companyia-no-paga-1200x400-1.jpeg","contentUrl":"https:\/\/accigest.com\/wp-content\/uploads\/2022\/05\/companyia-no-paga-1200x400-1.jpeg","width":1200,"height":400,"caption":"\u00bfPor qu\u00e9 la compa\u00f1\u00eda de seguros no me indemniza todos los d\u00edas de curaci\u00f3n? - Accigest"},{"@type":"BreadcrumbList","@id":"https:\/\/accigest.com\/ca\/per-que-la-companyia-dassegurances-no-mindemnitza-tots-els-dies-de-curacio\/#breadcrumb","itemListElement":[{"@type":"ListItem","position":1,"name":"Inici","item":"https:\/\/accigest.com\/ca\/"},{"@type":"ListItem","position":2,"name":"Per qu\u00e8 la companyia d&#8217;assegurances no m&#8217;indemnitza tots els dies de curaci\u00f3?"}]},{"@type":"WebSite","@id":"https:\/\/accigest.com\/ca\/#website","url":"https:\/\/accigest.com\/ca\/","name":"Accigest","description":"Especialistas en  indemnizaciones por  accidentes de tr\u00e1fico","publisher":{"@id":"https:\/\/accigest.com\/ca\/#organization"},"potentialAction":[{"@type":"SearchAction","target":{"@type":"EntryPoint","urlTemplate":"https:\/\/accigest.com\/ca\/?s={search_term_string}"},"query-input":{"@type":"PropertyValueSpecification","valueRequired":true,"valueName":"search_term_string"}}],"inLanguage":"ca"},{"@type":"Organization","@id":"https:\/\/accigest.com\/ca\/#organization","name":"Accigest Abogados de Accidentes Tr\u00e1fico","url":"https:\/\/accigest.com\/ca\/","logo":{"@type":"ImageObject","inLanguage":"ca","@id":"https:\/\/accigest.com\/ca\/#\/schema\/logo\/image\/","url":"https:\/\/accigest.com\/wp-content\/uploads\/2021\/06\/logo-accigest.svg","contentUrl":"https:\/\/accigest.com\/wp-content\/uploads\/2021\/06\/logo-accigest.svg","width":1,"height":1,"caption":"Accigest Abogados de Accidentes Tr\u00e1fico"},"image":{"@id":"https:\/\/accigest.com\/ca\/#\/schema\/logo\/image\/"}},{"@type":"Person","@id":"https:\/\/accigest.com\/ca\/#\/schema\/person\/98c36b78c20a9db4457272272aa69b08","name":"Kelly Leclercq Porras","image":{"@type":"ImageObject","inLanguage":"ca","@id":"https:\/\/secure.gravatar.com\/avatar\/50afdc8172df48d3f216f7598c754a5f09763629e05b5e01b54404a61e62e55b?s=96&d=mm&r=g","url":"https:\/\/secure.gravatar.com\/avatar\/50afdc8172df48d3f216f7598c754a5f09763629e05b5e01b54404a61e62e55b?s=96&d=mm&r=g","contentUrl":"https:\/\/secure.gravatar.com\/avatar\/50afdc8172df48d3f216f7598c754a5f09763629e05b5e01b54404a61e62e55b?s=96&d=mm&r=g","caption":"Kelly Leclercq Porras"},"sameAs":["https:\/\/www.linkedin.com\/in\/kelly-leclercq-porras-7b4b62176"]}]}},"_links":{"self":[{"href":"https:\/\/accigest.com\/ca\/wp-json\/wp\/v2\/posts\/7893","targetHints":{"allow":["GET"]}}],"collection":[{"href":"https:\/\/accigest.com\/ca\/wp-json\/wp\/v2\/posts"}],"about":[{"href":"https:\/\/accigest.com\/ca\/wp-json\/wp\/v2\/types\/post"}],"author":[{"embeddable":true,"href":"https:\/\/accigest.com\/ca\/wp-json\/wp\/v2\/users\/7"}],"replies":[{"embeddable":true,"href":"https:\/\/accigest.com\/ca\/wp-json\/wp\/v2\/comments?post=7893"}],"version-history":[{"count":3,"href":"https:\/\/accigest.com\/ca\/wp-json\/wp\/v2\/posts\/7893\/revisions"}],"predecessor-version":[{"id":7900,"href":"https:\/\/accigest.com\/ca\/wp-json\/wp\/v2\/posts\/7893\/revisions\/7900"}],"wp:featuredmedia":[{"embeddable":true,"href":"https:\/\/accigest.com\/ca\/wp-json\/wp\/v2\/media\/7892"}],"wp:attachment":[{"href":"https:\/\/accigest.com\/ca\/wp-json\/wp\/v2\/media?parent=7893"}],"wp:term":[{"taxonomy":"category","embeddable":true,"href":"https:\/\/accigest.com\/ca\/wp-json\/wp\/v2\/categories?post=7893"},{"taxonomy":"post_tag","embeddable":true,"href":"https:\/\/accigest.com\/ca\/wp-json\/wp\/v2\/tags?post=7893"}],"curies":[{"name":"wp","href":"https:\/\/api.w.org\/{rel}","templated":true}]}}